{"id":702,"date":"2017-02-01T17:29:31","date_gmt":"2017-02-01T16:29:31","guid":{"rendered":"http:\/\/stmeme-stlouis.fr\/?p=702"},"modified":"2017-02-01T17:29:31","modified_gmt":"2017-02-01T16:29:31","slug":"spectacle-le-fabuleux-voyage-de-nils-holgersson-a-lespace-de-retz","status":"publish","type":"post","link":"https:\/\/stmeme-stlouis.fr\/?p=702","title":{"rendered":"SPECTACLE Le fabuleux voyage de Nils HOLGERSSON \u00e0 l&#8217;Espace de Retz"},"content":{"rendered":"<h1 style=\"text-align: center\"><span style=\"text-decoration: underline\"><strong>SPECTACLE Le fabuleux voyage de Nils HOLGERSSON \u00e0 l&#8217;Espace de Retz<\/strong><\/span><\/h1>\n<p style=\"text-align: center\"><strong><u><a href=\"http:\/\/stmeme-stlouis.fr\/wp-content\/uploads\/2017\/02\/P1190245.jpg\"><img loading=\"lazy\" decoding=\"async\" class=\"alignnone size-medium wp-image-706\" src=\"http:\/\/stmeme-stlouis.fr\/wp-content\/uploads\/2017\/02\/P1190245-300x225.jpg\" alt=\"\" width=\"300\" height=\"225\" srcset=\"https:\/\/stmeme-stlouis.fr\/wp-content\/uploads\/2017\/02\/P1190245-300x225.jpg 300w, https:\/\/stmeme-stlouis.fr\/wp-content\/uploads\/2017\/02\/P1190245-768x576.jpg 768w, https:\/\/stmeme-stlouis.fr\/wp-content\/uploads\/2017\/02\/P1190245-1024x768.jpg 1024w, https:\/\/stmeme-stlouis.fr\/wp-content\/uploads\/2017\/02\/P1190245.jpg 2048w\" sizes=\"(max-width: 300px) 100vw, 300px\" \/><\/a> <a href=\"http:\/\/stmeme-stlouis.fr\/wp-content\/uploads\/2017\/02\/P1190246.jpg\"><img loading=\"lazy\" decoding=\"async\" class=\"alignnone size-medium wp-image-707\" src=\"http:\/\/stmeme-stlouis.fr\/wp-content\/uploads\/2017\/02\/P1190246-300x225.jpg\" alt=\"\" width=\"300\" height=\"225\" srcset=\"https:\/\/stmeme-stlouis.fr\/wp-content\/uploads\/2017\/02\/P1190246-300x225.jpg 300w, https:\/\/stmeme-stlouis.fr\/wp-content\/uploads\/2017\/02\/P1190246-768x576.jpg 768w, https:\/\/stmeme-stlouis.fr\/wp-content\/uploads\/2017\/02\/P1190246-1024x768.jpg 1024w, https:\/\/stmeme-stlouis.fr\/wp-content\/uploads\/2017\/02\/P1190246.jpg 2048w\" sizes=\"(max-width: 300px) 100vw, 300px\" \/><\/a> <a href=\"http:\/\/stmeme-stlouis.fr\/wp-content\/uploads\/2017\/02\/P1190255.jpg\"><img loading=\"lazy\" decoding=\"async\" class=\"alignnone size-medium wp-image-716\" src=\"http:\/\/stmeme-stlouis.fr\/wp-content\/uploads\/2017\/02\/P1190255-300x225.jpg\" alt=\"\" width=\"300\" height=\"225\" srcset=\"https:\/\/stmeme-stlouis.fr\/wp-content\/uploads\/2017\/02\/P1190255-300x225.jpg 300w, https:\/\/stmeme-stlouis.fr\/wp-content\/uploads\/2017\/02\/P1190255-768x576.jpg 768w, https:\/\/stmeme-stlouis.fr\/wp-content\/uploads\/2017\/02\/P1190255-1024x768.jpg 1024w, https:\/\/stmeme-stlouis.fr\/wp-content\/uploads\/2017\/02\/P1190255.jpg 2048w\" sizes=\"(max-width: 300px) 100vw, 300px\" \/><\/a> <a href=\"http:\/\/stmeme-stlouis.fr\/wp-content\/uploads\/2017\/02\/P1190250.jpg\"><img loading=\"lazy\" decoding=\"async\" class=\"alignnone size-medium wp-image-711\" src=\"http:\/\/stmeme-stlouis.fr\/wp-content\/uploads\/2017\/02\/P1190250-300x225.jpg\" alt=\"\" width=\"300\" height=\"225\" srcset=\"https:\/\/stmeme-stlouis.fr\/wp-content\/uploads\/2017\/02\/P1190250-300x225.jpg 300w, https:\/\/stmeme-stlouis.fr\/wp-content\/uploads\/2017\/02\/P1190250-768x576.jpg 768w, https:\/\/stmeme-stlouis.fr\/wp-content\/uploads\/2017\/02\/P1190250-1024x768.jpg 1024w, https:\/\/stmeme-stlouis.fr\/wp-content\/uploads\/2017\/02\/P1190250.jpg 2048w\" sizes=\"(max-width: 300px) 100vw, 300px\" \/><\/a> <a href=\"http:\/\/stmeme-stlouis.fr\/wp-content\/uploads\/2017\/02\/P1190248.jpg\"><img loading=\"lazy\" decoding=\"async\" class=\"alignnone size-medium wp-image-709\" src=\"http:\/\/stmeme-stlouis.fr\/wp-content\/uploads\/2017\/02\/P1190248-300x225.jpg\" alt=\"\" width=\"300\" height=\"225\" srcset=\"https:\/\/stmeme-stlouis.fr\/wp-content\/uploads\/2017\/02\/P1190248-300x225.jpg 300w, https:\/\/stmeme-stlouis.fr\/wp-content\/uploads\/2017\/02\/P1190248-768x576.jpg 768w, https:\/\/stmeme-stlouis.fr\/wp-content\/uploads\/2017\/02\/P1190248-1024x768.jpg 1024w, https:\/\/stmeme-stlouis.fr\/wp-content\/uploads\/2017\/02\/P1190248.jpg 2048w\" sizes=\"(max-width: 300px) 100vw, 300px\" \/><\/a> <a href=\"http:\/\/stmeme-stlouis.fr\/wp-content\/uploads\/2017\/02\/P1190242.jpg\"><img loading=\"lazy\" decoding=\"async\" class=\"alignnone size-medium wp-image-703\" src=\"http:\/\/stmeme-stlouis.fr\/wp-content\/uploads\/2017\/02\/P1190242-300x225.jpg\" alt=\"\" width=\"300\" height=\"225\" srcset=\"https:\/\/stmeme-stlouis.fr\/wp-content\/uploads\/2017\/02\/P1190242-300x225.jpg 300w, https:\/\/stmeme-stlouis.fr\/wp-content\/uploads\/2017\/02\/P1190242-768x576.jpg 768w, https:\/\/stmeme-stlouis.fr\/wp-content\/uploads\/2017\/02\/P1190242-1024x768.jpg 1024w, https:\/\/stmeme-stlouis.fr\/wp-content\/uploads\/2017\/02\/P1190242.jpg 2048w\" sizes=\"(max-width: 300px) 100vw, 300px\" \/><\/a> <a href=\"http:\/\/stmeme-stlouis.fr\/wp-content\/uploads\/2017\/02\/P1190243.jpg\"><img loading=\"lazy\" decoding=\"async\" class=\"alignnone size-medium wp-image-704\" src=\"http:\/\/stmeme-stlouis.fr\/wp-content\/uploads\/2017\/02\/P1190243-300x225.jpg\" alt=\"\" width=\"300\" height=\"225\" srcset=\"https:\/\/stmeme-stlouis.fr\/wp-content\/uploads\/2017\/02\/P1190243-300x225.jpg 300w, https:\/\/stmeme-stlouis.fr\/wp-content\/uploads\/2017\/02\/P1190243-768x576.jpg 768w, https:\/\/stmeme-stlouis.fr\/wp-content\/uploads\/2017\/02\/P1190243-1024x768.jpg 1024w, https:\/\/stmeme-stlouis.fr\/wp-content\/uploads\/2017\/02\/P1190243.jpg 2048w\" sizes=\"(max-width: 300px) 100vw, 300px\" \/><\/a><\/u><\/strong><\/p>\n<p>Mardi 17 janvier 2017, nous sommes all\u00e9s \u00e0 l\u2019espace de Retz voir un spectacle de th\u00e9\u00e2tre musical. Deux artistes El\u00e9onore et Martin, nous ont racont\u00e9 la belle histoire d\u2019un petit gar\u00e7on su\u00e9dois, Nils.<\/p>\n<p><em>\u00ab\u00a0En route vers le Grand Nord ! Sur le dos du jars Martin, le turbulent petit Nils est emport\u00e9 loin de sa ferme pour une travers\u00e9e \u00e9pique de la Su\u00e8de en compagnie des oies sauvages.\u00a0\u00bb<\/em><\/p>\n<p>Nils\u00a0voyage donc sur dos d\u2019un jars, Martin, avec les oies sauvages. Ils lui arrivent plein d\u2019aventures\u2026 Cette histoire \u00e9tait accompagn\u00e9e de musique\u00a0: accord\u00e9on et un nouvel instrument que nous avons d\u00e9couvert, le nickelharpa\u00a0!<\/p>\n<p>&nbsp;<\/p>\n","protected":false},"excerpt":{"rendered":"<p>SPECTACLE Le fabuleux voyage de Nils HOLGERSSON \u00e0 l&#8217;Espace de Retz Mardi 17 janvier 2017, nous sommes all\u00e9s \u00e0 l\u2019espace de Retz voir un spectacle de th\u00e9\u00e2tre musical. Deux artistes El\u00e9onore et Martin, nous ont racont\u00e9 la belle histoire d\u2019un petit gar\u00e7on su\u00e9dois, Nils. \u00ab\u00a0En route vers le Grand Nord ! Sur le dos du<\/p>\n<p><a href=\"https:\/\/stmeme-stlouis.fr\/?p=702\" class=\"more-link themebutton\">Lire la suite<\/a><\/p>\n","protected":false},"author":4,"featured_media":0,"comment_status":"closed","ping_status":"closed","sticky":false,"template":"","format":"standard","meta":{"footnotes":""},"categories":[6,5],"tags":[],"_links":{"self":[{"href":"https:\/\/stmeme-stlouis.fr\/index.php?rest_route=\/wp\/v2\/posts\/702"}],"collection":[{"href":"https:\/\/stmeme-stlouis.fr\/index.php?rest_route=\/wp\/v2\/posts"}],"about":[{"href":"https:\/\/stmeme-stlouis.fr\/index.php?rest_route=\/wp\/v2\/types\/post"}],"author":[{"embeddable":true,"href":"https:\/\/stmeme-stlouis.fr\/index.php?rest_route=\/wp\/v2\/users\/4"}],"replies":[{"embeddable":true,"href":"https:\/\/stmeme-stlouis.fr\/index.php?rest_route=%2Fwp%2Fv2%2Fcomments&post=702"}],"version-history":[{"count":1,"href":"https:\/\/stmeme-stlouis.fr\/index.php?rest_route=\/wp\/v2\/posts\/702\/revisions"}],"predecessor-version":[{"id":780,"href":"https:\/\/stmeme-stlouis.fr\/index.php?rest_route=\/wp\/v2\/posts\/702\/revisions\/780"}],"wp:attachment":[{"href":"https:\/\/stmeme-stlouis.fr\/index.php?rest_route=%2Fwp%2Fv2%2Fmedia&parent=702"}],"wp:term":[{"taxonomy":"category","embeddable":true,"href":"https:\/\/stmeme-stlouis.fr\/index.php?rest_route=%2Fwp%2Fv2%2Fcategories&post=702"},{"taxonomy":"post_tag","embeddable":true,"href":"https:\/\/stmeme-stlouis.fr\/index.php?rest_route=%2Fwp%2Fv2%2Ftags&post=702"}],"curies":[{"name":"wp","href":"https:\/\/api.w.org\/{rel}","templated":true}]}}