{"id":2621,"date":"2019-11-24T11:34:50","date_gmt":"2019-11-24T10:34:50","guid":{"rendered":"http:\/\/stmeme-stlouis.fr\/?p=2621"},"modified":"2019-11-24T11:34:50","modified_gmt":"2019-11-24T10:34:50","slug":"course-ela-novembre-2019","status":"publish","type":"post","link":"https:\/\/stmeme-stlouis.fr\/?p=2621","title":{"rendered":"Course ELA &#8211; novembre 2019"},"content":{"rendered":"<p>Vendredi 15 novembre, les \u00e9l\u00e8ves de la classe de CM1-CM2 ont particip\u00e9 \u00e0 la course de dur\u00e9e au profit de l&#8217;association ELA.<\/p>\n<p>Cette association accompagne les familles touch\u00e9es par la leucodystrophie.<\/p>\n<p>Cette ann\u00e9e encore, les enfants \u00e9taient surmotiv\u00e9s et ils ont, la plupart du temps, d\u00e9pass\u00e9s les temps de course qu&#8217;il s&#8217;\u00e9taient fix\u00e9s!<\/p>\n<p>Un grand bravo pour leur attitude positive et solidaire!<\/p>\n<p><a href=\"http:\/\/stmeme-stlouis.fr\/wp-content\/uploads\/2019\/11\/IMG_20191115_135457361.jpg\"><img loading=\"lazy\" decoding=\"async\" class=\"alignnone size-medium wp-image-2623\" src=\"http:\/\/stmeme-stlouis.fr\/wp-content\/uploads\/2019\/11\/IMG_20191115_135457361-300x225.jpg\" alt=\"\" width=\"300\" height=\"225\" srcset=\"https:\/\/stmeme-stlouis.fr\/wp-content\/uploads\/2019\/11\/IMG_20191115_135457361-300x225.jpg 300w, https:\/\/stmeme-stlouis.fr\/wp-content\/uploads\/2019\/11\/IMG_20191115_135457361-768x576.jpg 768w, https:\/\/stmeme-stlouis.fr\/wp-content\/uploads\/2019\/11\/IMG_20191115_135457361-1024x768.jpg 1024w, https:\/\/stmeme-stlouis.fr\/wp-content\/uploads\/2019\/11\/IMG_20191115_135457361.jpg 1920w\" sizes=\"(max-width: 300px) 100vw, 300px\" \/><\/a><\/p>\n<p><a href=\"http:\/\/stmeme-stlouis.fr\/wp-content\/uploads\/2019\/11\/IMG_20191115_144126206.jpg\"><img loading=\"lazy\" decoding=\"async\" class=\"alignnone size-medium wp-image-2624\" src=\"http:\/\/stmeme-stlouis.fr\/wp-content\/uploads\/2019\/11\/IMG_20191115_144126206-225x300.jpg\" alt=\"\" width=\"225\" height=\"300\" srcset=\"https:\/\/stmeme-stlouis.fr\/wp-content\/uploads\/2019\/11\/IMG_20191115_144126206-225x300.jpg 225w, https:\/\/stmeme-stlouis.fr\/wp-content\/uploads\/2019\/11\/IMG_20191115_144126206-768x1024.jpg 768w, https:\/\/stmeme-stlouis.fr\/wp-content\/uploads\/2019\/11\/IMG_20191115_144126206.jpg 1440w\" sizes=\"(max-width: 225px) 100vw, 225px\" \/><\/a><a href=\"http:\/\/stmeme-stlouis.fr\/wp-content\/uploads\/2019\/11\/IMG_20191115_151246871_HDR.jpg\"><img loading=\"lazy\" decoding=\"async\" class=\"alignnone size-medium wp-image-2625\" src=\"http:\/\/stmeme-stlouis.fr\/wp-content\/uploads\/2019\/11\/IMG_20191115_151246871_HDR-225x300.jpg\" alt=\"\" width=\"225\" height=\"300\" srcset=\"https:\/\/stmeme-stlouis.fr\/wp-content\/uploads\/2019\/11\/IMG_20191115_151246871_HDR-225x300.jpg 225w, https:\/\/stmeme-stlouis.fr\/wp-content\/uploads\/2019\/11\/IMG_20191115_151246871_HDR-768x1024.jpg 768w, https:\/\/stmeme-stlouis.fr\/wp-content\/uploads\/2019\/11\/IMG_20191115_151246871_HDR.jpg 1440w\" sizes=\"(max-width: 225px) 100vw, 225px\" \/><\/a><a href=\"http:\/\/stmeme-stlouis.fr\/wp-content\/uploads\/2019\/11\/IMG_20191115_151250597_HDR.jpg\"><img loading=\"lazy\" decoding=\"async\" class=\"alignnone size-medium wp-image-2626\" src=\"http:\/\/stmeme-stlouis.fr\/wp-content\/uploads\/2019\/11\/IMG_20191115_151250597_HDR-225x300.jpg\" alt=\"\" width=\"225\" height=\"300\" srcset=\"https:\/\/stmeme-stlouis.fr\/wp-content\/uploads\/2019\/11\/IMG_20191115_151250597_HDR-225x300.jpg 225w, https:\/\/stmeme-stlouis.fr\/wp-content\/uploads\/2019\/11\/IMG_20191115_151250597_HDR-768x1024.jpg 768w, https:\/\/stmeme-stlouis.fr\/wp-content\/uploads\/2019\/11\/IMG_20191115_151250597_HDR.jpg 1440w\" sizes=\"(max-width: 225px) 100vw, 225px\" \/><\/a><a href=\"http:\/\/stmeme-stlouis.fr\/wp-content\/uploads\/2019\/11\/IMG_20191115_151316343_HDR.jpg\"><img loading=\"lazy\" decoding=\"async\" class=\"alignnone size-medium wp-image-2627\" src=\"http:\/\/stmeme-stlouis.fr\/wp-content\/uploads\/2019\/11\/IMG_20191115_151316343_HDR-225x300.jpg\" alt=\"\" width=\"225\" height=\"300\" srcset=\"https:\/\/stmeme-stlouis.fr\/wp-content\/uploads\/2019\/11\/IMG_20191115_151316343_HDR-225x300.jpg 225w, https:\/\/stmeme-stlouis.fr\/wp-content\/uploads\/2019\/11\/IMG_20191115_151316343_HDR-768x1024.jpg 768w, https:\/\/stmeme-stlouis.fr\/wp-content\/uploads\/2019\/11\/IMG_20191115_151316343_HDR.jpg 1440w\" sizes=\"(max-width: 225px) 100vw, 225px\" \/><\/a><a href=\"http:\/\/stmeme-stlouis.fr\/wp-content\/uploads\/2019\/11\/IMG_20191115_151343360_HDR.jpg\"><img loading=\"lazy\" decoding=\"async\" class=\"alignnone size-medium wp-image-2628\" src=\"http:\/\/stmeme-stlouis.fr\/wp-content\/uploads\/2019\/11\/IMG_20191115_151343360_HDR-225x300.jpg\" alt=\"\" width=\"225\" height=\"300\" srcset=\"https:\/\/stmeme-stlouis.fr\/wp-content\/uploads\/2019\/11\/IMG_20191115_151343360_HDR-225x300.jpg 225w, https:\/\/stmeme-stlouis.fr\/wp-content\/uploads\/2019\/11\/IMG_20191115_151343360_HDR-768x1024.jpg 768w, https:\/\/stmeme-stlouis.fr\/wp-content\/uploads\/2019\/11\/IMG_20191115_151343360_HDR.jpg 1440w\" sizes=\"(max-width: 225px) 100vw, 225px\" \/><\/a><\/p>\n","protected":false},"excerpt":{"rendered":"<p>Vendredi 15 novembre, les \u00e9l\u00e8ves de la classe de CM1-CM2 ont particip\u00e9 \u00e0 la course de dur\u00e9e au profit de l&#8217;association ELA. Cette association accompagne les familles touch\u00e9es par la leucodystrophie. Cette ann\u00e9e encore, les enfants \u00e9taient surmotiv\u00e9s et ils ont, la plupart du temps, d\u00e9pass\u00e9s les temps de course qu&#8217;il s&#8217;\u00e9taient fix\u00e9s! Un grand<\/p>\n<p><a href=\"https:\/\/stmeme-stlouis.fr\/?p=2621\" class=\"more-link themebutton\">Lire la suite<\/a><\/p>\n","protected":false},"author":5,"featured_media":0,"comment_status":"closed","ping_status":"closed","sticky":false,"template":"","format":"standard","meta":{"footnotes":""},"categories":[7],"tags":[],"_links":{"self":[{"href":"https:\/\/stmeme-stlouis.fr\/index.php?rest_route=\/wp\/v2\/posts\/2621"}],"collection":[{"href":"https:\/\/stmeme-stlouis.fr\/index.php?rest_route=\/wp\/v2\/posts"}],"about":[{"href":"https:\/\/stmeme-stlouis.fr\/index.php?rest_route=\/wp\/v2\/types\/post"}],"author":[{"embeddable":true,"href":"https:\/\/stmeme-stlouis.fr\/index.php?rest_route=\/wp\/v2\/users\/5"}],"replies":[{"embeddable":true,"href":"https:\/\/stmeme-stlouis.fr\/index.php?rest_route=%2Fwp%2Fv2%2Fcomments&post=2621"}],"version-history":[{"count":4,"href":"https:\/\/stmeme-stlouis.fr\/index.php?rest_route=\/wp\/v2\/posts\/2621\/revisions"}],"predecessor-version":[{"id":2631,"href":"https:\/\/stmeme-stlouis.fr\/index.php?rest_route=\/wp\/v2\/posts\/2621\/revisions\/2631"}],"wp:attachment":[{"href":"https:\/\/stmeme-stlouis.fr\/index.php?rest_route=%2Fwp%2Fv2%2Fmedia&parent=2621"}],"wp:term":[{"taxonomy":"category","embeddable":true,"href":"https:\/\/stmeme-stlouis.fr\/index.php?rest_route=%2Fwp%2Fv2%2Fcategories&post=2621"},{"taxonomy":"post_tag","embeddable":true,"href":"https:\/\/stmeme-stlouis.fr\/index.php?rest_route=%2Fwp%2Fv2%2Ftags&post=2621"}],"curies":[{"name":"wp","href":"https:\/\/api.w.org\/{rel}","templated":true}]}}