{"id":792,"date":"2017-03-08T11:00:08","date_gmt":"2017-03-08T10:00:08","guid":{"rendered":"http:\/\/stmeme-stlouis.fr\/?p=792"},"modified":"2017-03-08T11:00:08","modified_gmt":"2017-03-08T10:00:08","slug":"carnaval-en-maternelle-cp","status":"publish","type":"post","link":"http:\/\/stmeme-stlouis.fr\/?p=792","title":{"rendered":"CARNAVAL EN MATERNELLE CP"},"content":{"rendered":"<h1 style=\"text-align: center\"><span style=\"text-decoration: underline\"><strong>CARNAVAL dans les classes TPS\/PS\/MS et GS\/CP<\/strong><\/span><\/h1>\n<p>Les enfants de GS\/CP ont souhait\u00e9 inviter les enfants de TPS\/PS\/MS pour une matin\u00e9e d\u00e9guis\u00e9e le jeudi 2 mars 2017 &#8230;<a href=\"http:\/\/stmeme-stlouis.fr\/wp-content\/uploads\/2017\/03\/P1190622.jpg\"><img loading=\"lazy\" decoding=\"async\" class=\"size-medium wp-image-794 aligncenter\" src=\"http:\/\/stmeme-stlouis.fr\/wp-content\/uploads\/2017\/03\/P1190622-300x225.jpg\" alt=\"\" width=\"300\" height=\"225\" srcset=\"http:\/\/stmeme-stlouis.fr\/wp-content\/uploads\/2017\/03\/P1190622-300x225.jpg 300w, http:\/\/stmeme-stlouis.fr\/wp-content\/uploads\/2017\/03\/P1190622-768x576.jpg 768w, http:\/\/stmeme-stlouis.fr\/wp-content\/uploads\/2017\/03\/P1190622-1024x768.jpg 1024w, http:\/\/stmeme-stlouis.fr\/wp-content\/uploads\/2017\/03\/P1190622.jpg 2048w\" sizes=\"(max-width: 300px) 100vw, 300px\" \/><\/a> <a href=\"http:\/\/stmeme-stlouis.fr\/wp-content\/uploads\/2017\/03\/P1190630.jpg\"><img loading=\"lazy\" decoding=\"async\" class=\"size-medium wp-image-795 aligncenter\" src=\"http:\/\/stmeme-stlouis.fr\/wp-content\/uploads\/2017\/03\/P1190630-300x225.jpg\" alt=\"\" width=\"300\" height=\"225\" srcset=\"http:\/\/stmeme-stlouis.fr\/wp-content\/uploads\/2017\/03\/P1190630-300x225.jpg 300w, http:\/\/stmeme-stlouis.fr\/wp-content\/uploads\/2017\/03\/P1190630-768x576.jpg 768w, http:\/\/stmeme-stlouis.fr\/wp-content\/uploads\/2017\/03\/P1190630-1024x768.jpg 1024w, http:\/\/stmeme-stlouis.fr\/wp-content\/uploads\/2017\/03\/P1190630.jpg 2048w\" sizes=\"(max-width: 300px) 100vw, 300px\" \/><\/a> <a href=\"http:\/\/stmeme-stlouis.fr\/wp-content\/uploads\/2017\/03\/P1190631.jpg\"><img loading=\"lazy\" decoding=\"async\" class=\"size-medium wp-image-796 aligncenter\" src=\"http:\/\/stmeme-stlouis.fr\/wp-content\/uploads\/2017\/03\/P1190631-300x225.jpg\" alt=\"\" width=\"300\" height=\"225\" srcset=\"http:\/\/stmeme-stlouis.fr\/wp-content\/uploads\/2017\/03\/P1190631-300x225.jpg 300w, http:\/\/stmeme-stlouis.fr\/wp-content\/uploads\/2017\/03\/P1190631-768x576.jpg 768w, http:\/\/stmeme-stlouis.fr\/wp-content\/uploads\/2017\/03\/P1190631-1024x768.jpg 1024w, http:\/\/stmeme-stlouis.fr\/wp-content\/uploads\/2017\/03\/P1190631.jpg 2048w\" sizes=\"(max-width: 300px) 100vw, 300px\" \/><\/a><\/p>\n<p>Nous nous sommes donc tous retrouv\u00e9s dans la salle de motricit\u00e9 pour un moment de danse : les enfants des 2 classes ont dans\u00e9 le GALOP NANTAIS, danse apprise lors de la s\u00e9quence de danse avec Ronan en GS\/CP&#8230; Un temps de plaisir partag\u00e9 !<\/p>\n<p>Harry a ensuite propos\u00e9 de partager son go\u00fbter d&#8217;anniversaire avec\u00a0tous ses\u00a0camarades de classe. Merci Harry\u00a0!<\/p>\n","protected":false},"excerpt":{"rendered":"<p>CARNAVAL dans les classes TPS\/PS\/MS et GS\/CP Les enfants de GS\/CP ont souhait\u00e9 inviter les enfants de TPS\/PS\/MS pour une matin\u00e9e d\u00e9guis\u00e9e le jeudi 2 mars 2017 &#8230; Nous nous sommes donc tous retrouv\u00e9s dans la salle de motricit\u00e9 pour un moment de danse : les enfants des 2 classes ont dans\u00e9 le GALOP NANTAIS,<\/p>\n<p><a href=\"http:\/\/stmeme-stlouis.fr\/?p=792\" class=\"more-link themebutton\">Lire la suite<\/a><\/p>\n","protected":false},"author":4,"featured_media":0,"comment_status":"closed","ping_status":"closed","sticky":false,"template":"","format":"standard","meta":{"footnotes":""},"categories":[5,4],"tags":[],"_links":{"self":[{"href":"http:\/\/stmeme-stlouis.fr\/index.php?rest_route=\/wp\/v2\/posts\/792"}],"collection":[{"href":"http:\/\/stmeme-stlouis.fr\/index.php?rest_route=\/wp\/v2\/posts"}],"about":[{"href":"http:\/\/stmeme-stlouis.fr\/index.php?rest_route=\/wp\/v2\/types\/post"}],"author":[{"embeddable":true,"href":"http:\/\/stmeme-stlouis.fr\/index.php?rest_route=\/wp\/v2\/users\/4"}],"replies":[{"embeddable":true,"href":"http:\/\/stmeme-stlouis.fr\/index.php?rest_route=%2Fwp%2Fv2%2Fcomments&post=792"}],"version-history":[{"count":1,"href":"http:\/\/stmeme-stlouis.fr\/index.php?rest_route=\/wp\/v2\/posts\/792\/revisions"}],"predecessor-version":[{"id":811,"href":"http:\/\/stmeme-stlouis.fr\/index.php?rest_route=\/wp\/v2\/posts\/792\/revisions\/811"}],"wp:attachment":[{"href":"http:\/\/stmeme-stlouis.fr\/index.php?rest_route=%2Fwp%2Fv2%2Fmedia&parent=792"}],"wp:term":[{"taxonomy":"category","embeddable":true,"href":"http:\/\/stmeme-stlouis.fr\/index.php?rest_route=%2Fwp%2Fv2%2Fcategories&post=792"},{"taxonomy":"post_tag","embeddable":true,"href":"http:\/\/stmeme-stlouis.fr\/index.php?rest_route=%2Fwp%2Fv2%2Ftags&post=792"}],"curies":[{"name":"wp","href":"https:\/\/api.w.org\/{rel}","templated":true}]}}