{"id":1917,"date":"2018-12-19T14:13:10","date_gmt":"2018-12-19T13:13:10","guid":{"rendered":"http:\/\/stmeme-stlouis.fr\/?p=1917"},"modified":"2018-12-19T14:13:44","modified_gmt":"2018-12-19T13:13:44","slug":"spectacle-en-boucle","status":"publish","type":"post","link":"http:\/\/stmeme-stlouis.fr\/?p=1917","title":{"rendered":"spectacle EN BOUCLE"},"content":{"rendered":"<p><a href=\"http:\/\/stmeme-stlouis.fr\/wp-content\/uploads\/2018\/12\/P1000836.jpg\"><img loading=\"lazy\" decoding=\"async\" src=\"http:\/\/stmeme-stlouis.fr\/wp-content\/uploads\/2018\/12\/P1000836-300x225.jpg\" alt=\"\" width=\"300\" height=\"225\" class=\"alignnone size-medium wp-image-1921\" srcset=\"http:\/\/stmeme-stlouis.fr\/wp-content\/uploads\/2018\/12\/P1000836-300x225.jpg 300w, http:\/\/stmeme-stlouis.fr\/wp-content\/uploads\/2018\/12\/P1000836-768x576.jpg 768w, http:\/\/stmeme-stlouis.fr\/wp-content\/uploads\/2018\/12\/P1000836-1024x768.jpg 1024w, http:\/\/stmeme-stlouis.fr\/wp-content\/uploads\/2018\/12\/P1000836.jpg 2048w\" sizes=\"(max-width: 300px) 100vw, 300px\" \/><\/a><br \/>\nMardi matin 16 octobre 2018, nous sommes partis \u00e0 l\u2019Espace de Retz, la salle de spectacle de Machecoul-saint M\u00eame afin de voir le spectacle concert de Yann Savel et Nathalie Carudel : en boucle.<br \/>\nNous avons \u00e9cout\u00e9 plus d\u2019une dizaine de chansons qui parlent de l&#8217;enfance. Nathalie chantait tandis que Yann jouait souvent de la guitare. Le d\u00e9cor \u00e9tait un arbre mobile qui tourne, qui s\u2019ouvre et auquel est suspendu tout l\u2019univers du spectacle.<br \/>\n  <a href=\"http:\/\/stmeme-stlouis.fr\/wp-content\/uploads\/2018\/12\/artistes-nous-accueillent.jpg\"><img loading=\"lazy\" decoding=\"async\" src=\"http:\/\/stmeme-stlouis.fr\/wp-content\/uploads\/2018\/12\/artistes-nous-accueillent-225x300.jpg\" alt=\"\" width=\"225\" height=\"300\" class=\"alignnone size-medium wp-image-1918\" srcset=\"http:\/\/stmeme-stlouis.fr\/wp-content\/uploads\/2018\/12\/artistes-nous-accueillent-225x300.jpg 225w, http:\/\/stmeme-stlouis.fr\/wp-content\/uploads\/2018\/12\/artistes-nous-accueillent-768x1024.jpg 768w, http:\/\/stmeme-stlouis.fr\/wp-content\/uploads\/2018\/12\/artistes-nous-accueillent.jpg 1536w\" sizes=\"(max-width: 225px) 100vw, 225px\" \/><\/a><\/p>\n<p><a href=\"http:\/\/stmeme-stlouis.fr\/wp-content\/uploads\/2018\/12\/autour-de-larbre.jpg\"><img loading=\"lazy\" decoding=\"async\" src=\"http:\/\/stmeme-stlouis.fr\/wp-content\/uploads\/2018\/12\/autour-de-larbre-300x225.jpg\" alt=\"\" width=\"300\" height=\"225\" class=\"alignnone size-medium wp-image-1919\" srcset=\"http:\/\/stmeme-stlouis.fr\/wp-content\/uploads\/2018\/12\/autour-de-larbre-300x225.jpg 300w, http:\/\/stmeme-stlouis.fr\/wp-content\/uploads\/2018\/12\/autour-de-larbre-768x576.jpg 768w, http:\/\/stmeme-stlouis.fr\/wp-content\/uploads\/2018\/12\/autour-de-larbre-1024x768.jpg 1024w, http:\/\/stmeme-stlouis.fr\/wp-content\/uploads\/2018\/12\/autour-de-larbre.jpg 2048w\" sizes=\"(max-width: 300px) 100vw, 300px\" \/><\/a><\/p>\n<p><a href=\"http:\/\/stmeme-stlouis.fr\/wp-content\/uploads\/2018\/12\/boite-\u00e0-tonnerre.jpg\"><img loading=\"lazy\" decoding=\"async\" src=\"http:\/\/stmeme-stlouis.fr\/wp-content\/uploads\/2018\/12\/boite-\u00e0-tonnerre-300x225.jpg\" alt=\"\" width=\"300\" height=\"225\" class=\"alignnone size-medium wp-image-1920\" srcset=\"http:\/\/stmeme-stlouis.fr\/wp-content\/uploads\/2018\/12\/boite-\u00e0-tonnerre-300x225.jpg 300w, http:\/\/stmeme-stlouis.fr\/wp-content\/uploads\/2018\/12\/boite-\u00e0-tonnerre-768x576.jpg 768w, http:\/\/stmeme-stlouis.fr\/wp-content\/uploads\/2018\/12\/boite-\u00e0-tonnerre-1024x768.jpg 1024w, http:\/\/stmeme-stlouis.fr\/wp-content\/uploads\/2018\/12\/boite-\u00e0-tonnerre.jpg 2048w\" sizes=\"(max-width: 300px) 100vw, 300px\" \/><\/a><br \/>\nApr\u00e8s le spectacle, nous avons \u00e9t\u00e9 invit\u00e9s \u00e0 aller sur la sc\u00e8ne, avec les artistes, afin de pouvoir toucher diff\u00e9rents objets pr\u00e9sent\u00e9s dans le d\u00e9cor. Nous avons pu cr\u00e9er des sons avec la bo\u00eete \u00e0 tonnerre, la bo\u00eete \u00e0 rythmes\u2026<\/p>\n","protected":false},"excerpt":{"rendered":"<p>Mardi matin 16 octobre 2018, nous sommes partis \u00e0 l\u2019Espace de Retz, la salle de spectacle de Machecoul-saint M\u00eame afin de voir le spectacle concert de Yann Savel et Nathalie Carudel : en boucle. Nous avons \u00e9cout\u00e9 plus d\u2019une dizaine de chansons qui parlent de l&#8217;enfance. Nathalie chantait tandis que Yann jouait souvent de la<\/p>\n<p><a href=\"http:\/\/stmeme-stlouis.fr\/?p=1917\" class=\"more-link themebutton\">Lire la suite<\/a><\/p>\n","protected":false},"author":4,"featured_media":0,"comment_status":"closed","ping_status":"closed","sticky":false,"template":"","format":"standard","meta":{"footnotes":""},"categories":[5],"tags":[],"_links":{"self":[{"href":"http:\/\/stmeme-stlouis.fr\/index.php?rest_route=\/wp\/v2\/posts\/1917"}],"collection":[{"href":"http:\/\/stmeme-stlouis.fr\/index.php?rest_route=\/wp\/v2\/posts"}],"about":[{"href":"http:\/\/stmeme-stlouis.fr\/index.php?rest_route=\/wp\/v2\/types\/post"}],"author":[{"embeddable":true,"href":"http:\/\/stmeme-stlouis.fr\/index.php?rest_route=\/wp\/v2\/users\/4"}],"replies":[{"embeddable":true,"href":"http:\/\/stmeme-stlouis.fr\/index.php?rest_route=%2Fwp%2Fv2%2Fcomments&post=1917"}],"version-history":[{"count":2,"href":"http:\/\/stmeme-stlouis.fr\/index.php?rest_route=\/wp\/v2\/posts\/1917\/revisions"}],"predecessor-version":[{"id":1923,"href":"http:\/\/stmeme-stlouis.fr\/index.php?rest_route=\/wp\/v2\/posts\/1917\/revisions\/1923"}],"wp:attachment":[{"href":"http:\/\/stmeme-stlouis.fr\/index.php?rest_route=%2Fwp%2Fv2%2Fmedia&parent=1917"}],"wp:term":[{"taxonomy":"category","embeddable":true,"href":"http:\/\/stmeme-stlouis.fr\/index.php?rest_route=%2Fwp%2Fv2%2Fcategories&post=1917"},{"taxonomy":"post_tag","embeddable":true,"href":"http:\/\/stmeme-stlouis.fr\/index.php?rest_route=%2Fwp%2Fv2%2Ftags&post=1917"}],"curies":[{"name":"wp","href":"https:\/\/api.w.org\/{rel}","templated":true}]}}