{"id":1811,"date":"2018-11-16T17:02:31","date_gmt":"2018-11-16T16:02:31","guid":{"rendered":"http:\/\/stmeme-stlouis.fr\/?p=1811"},"modified":"2018-11-16T17:02:31","modified_gmt":"2018-11-16T16:02:31","slug":"1811","status":"publish","type":"post","link":"http:\/\/stmeme-stlouis.fr\/?p=1811","title":{"rendered":""},"content":{"rendered":"<p>Vendredi 16 novembre Mr De Villepin, maire de la commune, nous a accueillis au monument aux morts de Saint M\u00eame pour une petite c\u00e9r\u00e9monie c\u00e9l\u00e9brant le centenaire de la guerre 14-18.<\/p>\n<p>Nous avons \u00e9cout\u00e9 la Marseillaise et d&#8217;autres musiques pour nous recueillir autour du monument. Nous avons \u00e9chang\u00e9 sur l&#8217;importance du devoir de m\u00e9moire: se souvenir de ceux qui sont morts pour la France et comprendre que la paix entre les peules est tr\u00e8s importante pour ne plus jamais avoir \u00e0 revivre de guerre.<\/p>\n<p><a href=\"http:\/\/stmeme-stlouis.fr\/wp-content\/uploads\/2018\/11\/P1010119.jpg\"><img loading=\"lazy\" decoding=\"async\" class=\"alignnone size-medium wp-image-1813\" src=\"http:\/\/stmeme-stlouis.fr\/wp-content\/uploads\/2018\/11\/P1010119-300x225.jpg\" alt=\"\" width=\"300\" height=\"225\" srcset=\"http:\/\/stmeme-stlouis.fr\/wp-content\/uploads\/2018\/11\/P1010119-300x225.jpg 300w, http:\/\/stmeme-stlouis.fr\/wp-content\/uploads\/2018\/11\/P1010119-768x576.jpg 768w, http:\/\/stmeme-stlouis.fr\/wp-content\/uploads\/2018\/11\/P1010119-1024x768.jpg 1024w, http:\/\/stmeme-stlouis.fr\/wp-content\/uploads\/2018\/11\/P1010119.jpg 2048w\" sizes=\"(max-width: 300px) 100vw, 300px\" \/><\/a> <a href=\"http:\/\/stmeme-stlouis.fr\/wp-content\/uploads\/2018\/11\/P1010120.jpg\"><img loading=\"lazy\" decoding=\"async\" class=\"alignnone size-medium wp-image-1814\" src=\"http:\/\/stmeme-stlouis.fr\/wp-content\/uploads\/2018\/11\/P1010120-300x225.jpg\" alt=\"\" width=\"300\" height=\"225\" srcset=\"http:\/\/stmeme-stlouis.fr\/wp-content\/uploads\/2018\/11\/P1010120-300x225.jpg 300w, http:\/\/stmeme-stlouis.fr\/wp-content\/uploads\/2018\/11\/P1010120-768x576.jpg 768w, http:\/\/stmeme-stlouis.fr\/wp-content\/uploads\/2018\/11\/P1010120-1024x768.jpg 1024w, http:\/\/stmeme-stlouis.fr\/wp-content\/uploads\/2018\/11\/P1010120.jpg 2048w\" sizes=\"(max-width: 300px) 100vw, 300px\" \/><\/a><\/p>\n","protected":false},"excerpt":{"rendered":"<p>Vendredi 16 novembre Mr De Villepin, maire de la commune, nous a accueillis au monument aux morts de Saint M\u00eame pour une petite c\u00e9r\u00e9monie c\u00e9l\u00e9brant le centenaire de la guerre 14-18. Nous avons \u00e9cout\u00e9 la Marseillaise et d&#8217;autres musiques pour nous recueillir autour du monument. Nous avons \u00e9chang\u00e9 sur l&#8217;importance du devoir de m\u00e9moire: se<\/p>\n<p><a href=\"http:\/\/stmeme-stlouis.fr\/?p=1811\" class=\"more-link themebutton\">Lire la suite<\/a><\/p>\n","protected":false},"author":5,"featured_media":0,"comment_status":"closed","ping_status":"closed","sticky":false,"template":"","format":"standard","meta":{"footnotes":""},"categories":[7],"tags":[],"_links":{"self":[{"href":"http:\/\/stmeme-stlouis.fr\/index.php?rest_route=\/wp\/v2\/posts\/1811"}],"collection":[{"href":"http:\/\/stmeme-stlouis.fr\/index.php?rest_route=\/wp\/v2\/posts"}],"about":[{"href":"http:\/\/stmeme-stlouis.fr\/index.php?rest_route=\/wp\/v2\/types\/post"}],"author":[{"embeddable":true,"href":"http:\/\/stmeme-stlouis.fr\/index.php?rest_route=\/wp\/v2\/users\/5"}],"replies":[{"embeddable":true,"href":"http:\/\/stmeme-stlouis.fr\/index.php?rest_route=%2Fwp%2Fv2%2Fcomments&post=1811"}],"version-history":[{"count":2,"href":"http:\/\/stmeme-stlouis.fr\/index.php?rest_route=\/wp\/v2\/posts\/1811\/revisions"}],"predecessor-version":[{"id":1815,"href":"http:\/\/stmeme-stlouis.fr\/index.php?rest_route=\/wp\/v2\/posts\/1811\/revisions\/1815"}],"wp:attachment":[{"href":"http:\/\/stmeme-stlouis.fr\/index.php?rest_route=%2Fwp%2Fv2%2Fmedia&parent=1811"}],"wp:term":[{"taxonomy":"category","embeddable":true,"href":"http:\/\/stmeme-stlouis.fr\/index.php?rest_route=%2Fwp%2Fv2%2Fcategories&post=1811"},{"taxonomy":"post_tag","embeddable":true,"href":"http:\/\/stmeme-stlouis.fr\/index.php?rest_route=%2Fwp%2Fv2%2Ftags&post=1811"}],"curies":[{"name":"wp","href":"https:\/\/api.w.org\/{rel}","templated":true}]}}